{"id":438,"date":"2024-09-30T18:06:10","date_gmt":"2024-09-30T21:06:10","guid":{"rendered":"https:\/\/premierfutsal.com\/br\/?p=438"},"modified":"2024-09-30T18:06:10","modified_gmt":"2024-09-30T21:06:10","slug":"superclassico-das-americas-de-futsal-mundo-do-futsal-promove-o-campeonato-com-o-apoio-do-afa-cbfs-e-futsal","status":"publish","type":"post","link":"http:\/\/premierfutsal.com\/br\/superclassico-das-americas-de-futsal-mundo-do-futsal-promove-o-campeonato-com-o-apoio-do-afa-cbfs-e-futsal\/","title":{"rendered":"Supercl\u00e1ssico das Am\u00e9ricas de Futsal: Mundo do Futsal promove o campeonato com o apoio do AFA, CBFS e Futsal"},"content":{"rendered":"\n<p>O Supercl\u00e1ssico das Am\u00e9ricas de Futsal est\u00e1 previsto para ocorrer ainda neste ano de 2024, reunindo em um \u00fanico jogo os campe\u00f5es nacionais do Brasil e Argentina.<\/p>\n\n\n\n<h2 class=\"wp-block-heading\">Veja como ser\u00e1 a disputa prevista para 2024 que ser\u00e1 lan\u00e7ada pelo Mundo do Futsal em parceria com as entidades AFA, CBFS e Futsala.<\/h2>\n\n\n\n<p>A data do campeonato ser\u00e1 definida pela organiza\u00e7\u00e3o no decorrer das pr\u00f3ximas semanas. O Supercl\u00e1ssico ser\u00e1 alternado em os dois pa\u00edses, Brasil e Argentina, iniciando pelo Brasil em 2024.<\/p>\n\n\n\n<p>Esses dois pa\u00edses s\u00e3o as duas na\u00e7\u00f5es com os melhores rankings da FIFA nas Am\u00e9ricas na modalidade do futsal. O Brasil segue liderando o ranking que foi publicado neste ano pela associa\u00e7\u00e3o m\u00e1xima do futebol mundial e a Argentina est\u00e1 ocupando o quinto lugar, logo atr\u00e1s de Portugal, Espanha e Ir\u00e3.<\/p>\n\n\n\n<p>Sendo a maior apoiadora de futsal do pa\u00eds liderando a prepara\u00e7\u00e3o da competi\u00e7\u00e3o, o Mundo do Futsal coordenar\u00e1 um grande campeonato do futsal mundial em 2024. O torneio trar\u00e1 os campe\u00f5es nacionais da Argentina e do Brasil num jogo \u00fanico e singular.<\/p>\n\n\n\n<p>O campe\u00e3o do primeiro Campeonato Brasileiro de Futsal conquistar\u00e1 uma vaga para a disputa contra a Argentina, que ser\u00e1 selecionada pela Associa\u00e7\u00e3o de Futebol da Argentina (AFA), de acordo com o resultado das equipes nas competi\u00e7\u00f5es locais de cada uma.<\/p>\n\n\n\n<p>O CEO do Mundo do Futsal, Anderson de Andrade destaca: \u201c<em>O Mundo do Futsal celebra mais um evento conquistado para fortalecer o nosso futsal. Somos apaixonados por essa modalidade e vamos realizar um jogo do tamanho destas duas pot\u00eancias. O Supercl\u00e1ssico marca essa das entidades em prol do desenvolvimento da modalidade<\/em>\u201d.<\/p>\n\n\n\n<p>Com a garantia das entidades m\u00e1ximas do futsal em seus pa\u00edses, o Mundo do Futsal est\u00e1 organizando o campeonato em parceria \u00e0 Futsala, a Confedera\u00e7\u00e3o Brasileira de Futsal (CBFS) e a AFA, a organiza\u00e7\u00e3o respons\u00e1vel pela sele\u00e7\u00e3o argentina.<\/p>\n\n\n\n<p>O Mundo do Futsal disp\u00f5e de uma grande experi\u00eancia na prepara\u00e7\u00e3o de cerim\u00f4nias esportivas, sendo tamb\u00e9m promotora da Copa do Mundo de Futsal, Copa Intercontinental de Futsal, Mundo do Futsal Experience e Gala Mundo do Futsal.<\/p>\n\n\n\n<p>J\u00e1 o presidente da CBFS, Marcos Madeira, comentou: \u201c<em>A cria\u00e7\u00e3o do Supercl\u00e1ssico das Am\u00e9ricas representa um marco hist\u00f3rico para o futsal das duas maiores pot\u00eancias do continente. Reunir os campe\u00f5es do Brasil e da Argentina em uma competi\u00e7\u00e3o de alto n\u00edvel refor\u00e7a n\u00e3o apenas a rivalidade saud\u00e1vel entre os pa\u00edses, mas tamb\u00e9m o compromisso com o desenvolvimento do esporte em n\u00edvel global. Este torneio ser\u00e1 um espet\u00e1culo para os torcedores e uma grande oportunidade de interc\u00e2mbio t\u00e9cnico e cultural<\/em>.\u201d<\/p>\n","protected":false},"excerpt":{"rendered":"<p>O Supercl\u00e1ssico das Am\u00e9ricas de Futsal est\u00e1 previsto para ocorrer ainda neste ano de 2024, reunindo em um \u00fanico jogo os campe\u00f5es nacionais do Brasil e Argentina. Veja como ser\u00e1 a disputa prevista para 2024 que ser\u00e1 lan\u00e7ada pelo Mundo do Futsal em parceria com as entidades AFA, CBFS e Futsala. A data do campeonato<\/p>\n","protected":false},"author":2,"featured_media":7785,"comment_status":"open","ping_status":"open","sticky":false,"template":"","format":"standard","meta":{"footnotes":""},"categories":[1],"tags":[],"class_list":{"0":"post-438","1":"post","2":"type-post","3":"status-publish","4":"format-standard","5":"has-post-thumbnail","7":"category-noticias"},"yoast_head":"<!-- This site is optimized with the Yoast SEO plugin v25.4 - https:\/\/yoast.com\/wordpress\/plugins\/seo\/ -->\n<title>Supercl\u00e1ssico das Am\u00e9ricas de Futsal: Mundo do Futsal promove o campeonato com o apoio do AFA, CBFS e Futsal - PremierFutsal<\/title>\n<meta name=\"description\" content=\"Descubra como ser\u00e1 a disputa do Supercl\u00e1ssico das Am\u00e9ricas de Futsal no confronto entre a sele\u00e7\u00e3o brasileira e argentina.\" \/>\n<meta name=\"robots\" content=\"index, follow, max-snippet:-1, max-image-preview:large, max-video-preview:-1\" \/>\n<link rel=\"canonical\" href=\"https:\/\/premierfutsal.com\/br\/superclassico-das-americas-de-futsal-mundo-do-futsal-promove-o-campeonato-com-o-apoio-do-afa-cbfs-e-futsal\/\" \/>\n<meta property=\"og:locale\" content=\"pt_BR\" \/>\n<meta property=\"og:type\" content=\"article\" \/>\n<meta property=\"og:title\" content=\"Supercl\u00e1ssico das Am\u00e9ricas de Futsal: Mundo do Futsal promove o campeonato com o apoio do AFA, CBFS e Futsal - PremierFutsal\" \/>\n<meta property=\"og:description\" content=\"Descubra como ser\u00e1 a disputa do Supercl\u00e1ssico das Am\u00e9ricas de Futsal no confronto entre a sele\u00e7\u00e3o brasileira e argentina.\" \/>\n<meta property=\"og:url\" content=\"https:\/\/premierfutsal.com\/br\/superclassico-das-americas-de-futsal-mundo-do-futsal-promove-o-campeonato-com-o-apoio-do-afa-cbfs-e-futsal\/\" \/>\n<meta property=\"og:site_name\" content=\"PremierFutsal\" \/>\n<meta property=\"article:published_time\" content=\"2024-09-30T21:06:10+00:00\" \/>\n<meta property=\"og:image\" content=\"https:\/\/premierfutsal.com\/br\/wp-content\/uploads\/sites\/2\/2024\/09\/SUPERCLASSICO-DAS-AMERICAS-DE-FUTSAL-MUNDO-DO-FUTSAL-PROMOVE-CAMPEONATO-COM-GRANDES-ENTIDADES-DA-MODALIDADE-1.jpg\" \/>\n\t<meta property=\"og:image:width\" content=\"1920\" \/>\n\t<meta property=\"og:image:height\" content=\"1080\" \/>\n\t<meta property=\"og:image:type\" content=\"image\/jpeg\" \/>\n<meta name=\"author\" content=\"Iago Henrique\" \/>\n<meta name=\"twitter:card\" content=\"summary_large_image\" \/>\n<meta name=\"twitter:label1\" content=\"Escrito por\" \/>\n\t<meta name=\"twitter:data1\" content=\"Iago Henrique\" \/>\n\t<meta name=\"twitter:label2\" content=\"Est. tempo de leitura\" \/>\n\t<meta name=\"twitter:data2\" content=\"3 minutos\" \/>\n<script type=\"application\/ld+json\" class=\"yoast-schema-graph\">{\"@context\":\"https:\/\/schema.org\",\"@graph\":[{\"@type\":\"WebPage\",\"@id\":\"https:\/\/premierfutsal.com\/br\/superclassico-das-americas-de-futsal-mundo-do-futsal-promove-o-campeonato-com-o-apoio-do-afa-cbfs-e-futsal\/\",\"url\":\"https:\/\/premierfutsal.com\/br\/superclassico-das-americas-de-futsal-mundo-do-futsal-promove-o-campeonato-com-o-apoio-do-afa-cbfs-e-futsal\/\",\"name\":\"Supercl\u00e1ssico das Am\u00e9ricas de Futsal: Mundo do Futsal promove o campeonato com o apoio do AFA, CBFS e Futsal - PremierFutsal\",\"isPartOf\":{\"@id\":\"https:\/\/premierfutsal.com\/br\/#website\"},\"primaryImageOfPage\":{\"@id\":\"https:\/\/premierfutsal.com\/br\/superclassico-das-americas-de-futsal-mundo-do-futsal-promove-o-campeonato-com-o-apoio-do-afa-cbfs-e-futsal\/#primaryimage\"},\"image\":{\"@id\":\"https:\/\/premierfutsal.com\/br\/superclassico-das-americas-de-futsal-mundo-do-futsal-promove-o-campeonato-com-o-apoio-do-afa-cbfs-e-futsal\/#primaryimage\"},\"thumbnailUrl\":\"http:\/\/premierfutsal.com\/br\/wp-content\/uploads\/sites\/2\/2024\/09\/SUPERCLASSICO-DAS-AMERICAS-DE-FUTSAL-MUNDO-DO-FUTSAL-PROMOVE-CAMPEONATO-COM-GRANDES-ENTIDADES-DA-MODALIDADE-1.jpg\",\"datePublished\":\"2024-09-30T21:06:10+00:00\",\"author\":{\"@id\":\"https:\/\/premierfutsal.com\/br\/#\/schema\/person\/c75e054665256375a4012f212851bce7\"},\"description\":\"Descubra como ser\u00e1 a disputa do Supercl\u00e1ssico das Am\u00e9ricas de Futsal no confronto entre a sele\u00e7\u00e3o brasileira e argentina.\",\"breadcrumb\":{\"@id\":\"https:\/\/premierfutsal.com\/br\/superclassico-das-americas-de-futsal-mundo-do-futsal-promove-o-campeonato-com-o-apoio-do-afa-cbfs-e-futsal\/#breadcrumb\"},\"inLanguage\":\"pt-BR\",\"potentialAction\":[{\"@type\":\"ReadAction\",\"target\":[\"https:\/\/premierfutsal.com\/br\/superclassico-das-americas-de-futsal-mundo-do-futsal-promove-o-campeonato-com-o-apoio-do-afa-cbfs-e-futsal\/\"]}]},{\"@type\":\"ImageObject\",\"inLanguage\":\"pt-BR\",\"@id\":\"https:\/\/premierfutsal.com\/br\/superclassico-das-americas-de-futsal-mundo-do-futsal-promove-o-campeonato-com-o-apoio-do-afa-cbfs-e-futsal\/#primaryimage\",\"url\":\"http:\/\/premierfutsal.com\/br\/wp-content\/uploads\/sites\/2\/2024\/09\/SUPERCLASSICO-DAS-AMERICAS-DE-FUTSAL-MUNDO-DO-FUTSAL-PROMOVE-CAMPEONATO-COM-GRANDES-ENTIDADES-DA-MODALIDADE-1.jpg\",\"contentUrl\":\"http:\/\/premierfutsal.com\/br\/wp-content\/uploads\/sites\/2\/2024\/09\/SUPERCLASSICO-DAS-AMERICAS-DE-FUTSAL-MUNDO-DO-FUTSAL-PROMOVE-CAMPEONATO-COM-GRANDES-ENTIDADES-DA-MODALIDADE-1.jpg\",\"width\":1920,\"height\":1080},{\"@type\":\"BreadcrumbList\",\"@id\":\"https:\/\/premierfutsal.com\/br\/superclassico-das-americas-de-futsal-mundo-do-futsal-promove-o-campeonato-com-o-apoio-do-afa-cbfs-e-futsal\/#breadcrumb\",\"itemListElement\":[{\"@type\":\"ListItem\",\"position\":1,\"name\":\"Home\",\"item\":\"https:\/\/premierfutsal.com\/br\/\"},{\"@type\":\"ListItem\",\"position\":2,\"name\":\"Supercl\u00e1ssico das Am\u00e9ricas de Futsal: Mundo do Futsal promove o campeonato com o apoio do AFA, CBFS e Futsal\"}]},{\"@type\":\"WebSite\",\"@id\":\"https:\/\/premierfutsal.com\/br\/#website\",\"url\":\"https:\/\/premierfutsal.com\/br\/\",\"name\":\"PremierFutsal\",\"description\":\"\",\"potentialAction\":[{\"@type\":\"SearchAction\",\"target\":{\"@type\":\"EntryPoint\",\"urlTemplate\":\"https:\/\/premierfutsal.com\/br\/?s={search_term_string}\"},\"query-input\":{\"@type\":\"PropertyValueSpecification\",\"valueRequired\":true,\"valueName\":\"search_term_string\"}}],\"inLanguage\":\"pt-BR\"},{\"@type\":\"Person\",\"@id\":\"https:\/\/premierfutsal.com\/br\/#\/schema\/person\/c75e054665256375a4012f212851bce7\",\"name\":\"Iago Henrique\",\"image\":{\"@type\":\"ImageObject\",\"inLanguage\":\"pt-BR\",\"@id\":\"https:\/\/premierfutsal.com\/br\/#\/schema\/person\/image\/\",\"url\":\"https:\/\/secure.gravatar.com\/avatar\/eeab3120944b6ec05e80eb0ddba106cf2c637e3eee24899681b9185f338b781e?s=96&d=mm&r=g\",\"contentUrl\":\"https:\/\/secure.gravatar.com\/avatar\/eeab3120944b6ec05e80eb0ddba106cf2c637e3eee24899681b9185f338b781e?s=96&d=mm&r=g\",\"caption\":\"Iago Henrique\"},\"url\":\"http:\/\/premierfutsal.com\/br\/author\/iago\/\"}]}<\/script>\n<!-- \/ Yoast SEO plugin. -->","yoast_head_json":{"title":"Supercl\u00e1ssico das Am\u00e9ricas de Futsal: Mundo do Futsal promove o campeonato com o apoio do AFA, CBFS e Futsal - PremierFutsal","description":"Descubra como ser\u00e1 a disputa do Supercl\u00e1ssico das Am\u00e9ricas de Futsal no confronto entre a sele\u00e7\u00e3o brasileira e argentina.","robots":{"index":"index","follow":"follow","max-snippet":"max-snippet:-1","max-image-preview":"max-image-preview:large","max-video-preview":"max-video-preview:-1"},"canonical":"https:\/\/premierfutsal.com\/br\/superclassico-das-americas-de-futsal-mundo-do-futsal-promove-o-campeonato-com-o-apoio-do-afa-cbfs-e-futsal\/","og_locale":"pt_BR","og_type":"article","og_title":"Supercl\u00e1ssico das Am\u00e9ricas de Futsal: Mundo do Futsal promove o campeonato com o apoio do AFA, CBFS e Futsal - PremierFutsal","og_description":"Descubra como ser\u00e1 a disputa do Supercl\u00e1ssico das Am\u00e9ricas de Futsal no confronto entre a sele\u00e7\u00e3o brasileira e argentina.","og_url":"https:\/\/premierfutsal.com\/br\/superclassico-das-americas-de-futsal-mundo-do-futsal-promove-o-campeonato-com-o-apoio-do-afa-cbfs-e-futsal\/","og_site_name":"PremierFutsal","article_published_time":"2024-09-30T21:06:10+00:00","og_image":[{"width":1920,"height":1080,"url":"https:\/\/premierfutsal.com\/br\/wp-content\/uploads\/sites\/2\/2024\/09\/SUPERCLASSICO-DAS-AMERICAS-DE-FUTSAL-MUNDO-DO-FUTSAL-PROMOVE-CAMPEONATO-COM-GRANDES-ENTIDADES-DA-MODALIDADE-1.jpg","type":"image\/jpeg"}],"author":"Iago Henrique","twitter_card":"summary_large_image","twitter_misc":{"Escrito por":"Iago Henrique","Est. tempo de leitura":"3 minutos"},"schema":{"@context":"https:\/\/schema.org","@graph":[{"@type":"WebPage","@id":"https:\/\/premierfutsal.com\/br\/superclassico-das-americas-de-futsal-mundo-do-futsal-promove-o-campeonato-com-o-apoio-do-afa-cbfs-e-futsal\/","url":"https:\/\/premierfutsal.com\/br\/superclassico-das-americas-de-futsal-mundo-do-futsal-promove-o-campeonato-com-o-apoio-do-afa-cbfs-e-futsal\/","name":"Supercl\u00e1ssico das Am\u00e9ricas de Futsal: Mundo do Futsal promove o campeonato com o apoio do AFA, CBFS e Futsal - PremierFutsal","isPartOf":{"@id":"https:\/\/premierfutsal.com\/br\/#website"},"primaryImageOfPage":{"@id":"https:\/\/premierfutsal.com\/br\/superclassico-das-americas-de-futsal-mundo-do-futsal-promove-o-campeonato-com-o-apoio-do-afa-cbfs-e-futsal\/#primaryimage"},"image":{"@id":"https:\/\/premierfutsal.com\/br\/superclassico-das-americas-de-futsal-mundo-do-futsal-promove-o-campeonato-com-o-apoio-do-afa-cbfs-e-futsal\/#primaryimage"},"thumbnailUrl":"http:\/\/premierfutsal.com\/br\/wp-content\/uploads\/sites\/2\/2024\/09\/SUPERCLASSICO-DAS-AMERICAS-DE-FUTSAL-MUNDO-DO-FUTSAL-PROMOVE-CAMPEONATO-COM-GRANDES-ENTIDADES-DA-MODALIDADE-1.jpg","datePublished":"2024-09-30T21:06:10+00:00","author":{"@id":"https:\/\/premierfutsal.com\/br\/#\/schema\/person\/c75e054665256375a4012f212851bce7"},"description":"Descubra como ser\u00e1 a disputa do Supercl\u00e1ssico das Am\u00e9ricas de Futsal no confronto entre a sele\u00e7\u00e3o brasileira e argentina.","breadcrumb":{"@id":"https:\/\/premierfutsal.com\/br\/superclassico-das-americas-de-futsal-mundo-do-futsal-promove-o-campeonato-com-o-apoio-do-afa-cbfs-e-futsal\/#breadcrumb"},"inLanguage":"pt-BR","potentialAction":[{"@type":"ReadAction","target":["https:\/\/premierfutsal.com\/br\/superclassico-das-americas-de-futsal-mundo-do-futsal-promove-o-campeonato-com-o-apoio-do-afa-cbfs-e-futsal\/"]}]},{"@type":"ImageObject","inLanguage":"pt-BR","@id":"https:\/\/premierfutsal.com\/br\/superclassico-das-americas-de-futsal-mundo-do-futsal-promove-o-campeonato-com-o-apoio-do-afa-cbfs-e-futsal\/#primaryimage","url":"http:\/\/premierfutsal.com\/br\/wp-content\/uploads\/sites\/2\/2024\/09\/SUPERCLASSICO-DAS-AMERICAS-DE-FUTSAL-MUNDO-DO-FUTSAL-PROMOVE-CAMPEONATO-COM-GRANDES-ENTIDADES-DA-MODALIDADE-1.jpg","contentUrl":"http:\/\/premierfutsal.com\/br\/wp-content\/uploads\/sites\/2\/2024\/09\/SUPERCLASSICO-DAS-AMERICAS-DE-FUTSAL-MUNDO-DO-FUTSAL-PROMOVE-CAMPEONATO-COM-GRANDES-ENTIDADES-DA-MODALIDADE-1.jpg","width":1920,"height":1080},{"@type":"BreadcrumbList","@id":"https:\/\/premierfutsal.com\/br\/superclassico-das-americas-de-futsal-mundo-do-futsal-promove-o-campeonato-com-o-apoio-do-afa-cbfs-e-futsal\/#breadcrumb","itemListElement":[{"@type":"ListItem","position":1,"name":"Home","item":"https:\/\/premierfutsal.com\/br\/"},{"@type":"ListItem","position":2,"name":"Supercl\u00e1ssico das Am\u00e9ricas de Futsal: Mundo do Futsal promove o campeonato com o apoio do AFA, CBFS e Futsal"}]},{"@type":"WebSite","@id":"https:\/\/premierfutsal.com\/br\/#website","url":"https:\/\/premierfutsal.com\/br\/","name":"PremierFutsal","description":"","potentialAction":[{"@type":"SearchAction","target":{"@type":"EntryPoint","urlTemplate":"https:\/\/premierfutsal.com\/br\/?s={search_term_string}"},"query-input":{"@type":"PropertyValueSpecification","valueRequired":true,"valueName":"search_term_string"}}],"inLanguage":"pt-BR"},{"@type":"Person","@id":"https:\/\/premierfutsal.com\/br\/#\/schema\/person\/c75e054665256375a4012f212851bce7","name":"Iago Henrique","image":{"@type":"ImageObject","inLanguage":"pt-BR","@id":"https:\/\/premierfutsal.com\/br\/#\/schema\/person\/image\/","url":"https:\/\/secure.gravatar.com\/avatar\/eeab3120944b6ec05e80eb0ddba106cf2c637e3eee24899681b9185f338b781e?s=96&d=mm&r=g","contentUrl":"https:\/\/secure.gravatar.com\/avatar\/eeab3120944b6ec05e80eb0ddba106cf2c637e3eee24899681b9185f338b781e?s=96&d=mm&r=g","caption":"Iago Henrique"},"url":"http:\/\/premierfutsal.com\/br\/author\/iago\/"}]}},"_links":{"self":[{"href":"http:\/\/premierfutsal.com\/br\/wp-json\/wp\/v2\/posts\/438","targetHints":{"allow":["GET"]}}],"collection":[{"href":"http:\/\/premierfutsal.com\/br\/wp-json\/wp\/v2\/posts"}],"about":[{"href":"http:\/\/premierfutsal.com\/br\/wp-json\/wp\/v2\/types\/post"}],"author":[{"embeddable":true,"href":"http:\/\/premierfutsal.com\/br\/wp-json\/wp\/v2\/users\/2"}],"replies":[{"embeddable":true,"href":"http:\/\/premierfutsal.com\/br\/wp-json\/wp\/v2\/comments?post=438"}],"version-history":[{"count":0,"href":"http:\/\/premierfutsal.com\/br\/wp-json\/wp\/v2\/posts\/438\/revisions"}],"wp:featuredmedia":[{"embeddable":true,"href":"http:\/\/premierfutsal.com\/br\/wp-json\/wp\/v2\/media\/7785"}],"wp:attachment":[{"href":"http:\/\/premierfutsal.com\/br\/wp-json\/wp\/v2\/media?parent=438"}],"wp:term":[{"taxonomy":"category","embeddable":true,"href":"http:\/\/premierfutsal.com\/br\/wp-json\/wp\/v2\/categories?post=438"},{"taxonomy":"post_tag","embeddable":true,"href":"http:\/\/premierfutsal.com\/br\/wp-json\/wp\/v2\/tags?post=438"}],"curies":[{"name":"wp","href":"https:\/\/api.w.org\/{rel}","templated":true}]}}